{"id":31266,"date":"2025-06-18T17:19:46","date_gmt":"2025-06-18T15:19:46","guid":{"rendered":"https:\/\/sdfpf.ch\/?p=31266"},"modified":"2025-06-20T18:11:38","modified_gmt":"2025-06-20T16:11:38","slug":"resultats-de-lequipe-suisse-power-fitness-ortega-championnat-du-monde-single-lift-2025-a-rome","status":"publish","type":"post","link":"https:\/\/sdfpf.ch\/it\/resultats-de-lequipe-suisse-power-fitness-ortega-championnat-du-monde-single-lift-2025-a-rome\/","title":{"rendered":"R\u00e9sultats de l\u2019\u00e9quipe suisse \/ Power Fitness Ortega \u2013 Championnat du monde Single Lift 2025 \u00e0 Rome"},"content":{"rendered":"<p>[et_pb_section fb_built=&#8221;1&#8243; _builder_version=&#8221;4.27.4&#8243; _module_preset=&#8221;default&#8221; custom_margin=&#8221;||0px||false|false&#8221; custom_padding=&#8221;||0px||false|false&#8221; global_colors_info=&#8221;{}&#8221; theme_builder_area=&#8221;post_content&#8221;][et_pb_row _builder_version=&#8221;4.27.4&#8243; _module_preset=&#8221;default&#8221; width=&#8221;100%&#8221; max_width=&#8221;2560px&#8221; global_colors_info=&#8221;{}&#8221; theme_builder_area=&#8221;post_content&#8221;][et_pb_column type=&#8221;4_4&#8243; _builder_version=&#8221;4.27.4&#8243; _module_preset=&#8221;default&#8221; global_colors_info=&#8221;{}&#8221; theme_builder_area=&#8221;post_content&#8221;][et_pb_text _builder_version=&#8221;4.27.4&#8243; _module_preset=&#8221;default&#8221; max_width=&#8221;95%&#8221; module_alignment=&#8221;center&#8221; global_colors_info=&#8221;{}&#8221; theme_builder_area=&#8221;post_content&#8221;]<\/p>\n<h1 data-start=\"489\" data-end=\"678\">Du 13 au 15 juin 2025, l\u2019\u00e9quipe suisse, repr\u00e9sent\u00e9e exclusivement par les athl\u00e8tes du <strong data-start=\"575\" data-end=\"599\">Power Fitness Ortega<\/strong>, a particip\u00e9 au <strong data-start=\"616\" data-end=\"675\">Championnat du Monde de Powerlifting Single Lift \u00e0 Rome<\/strong>.<\/h1>\n<h2>Malgr\u00e9 une organisation difficile (retards, forte chaleur, manque de mat\u00e9riel), nos athl\u00e8tes ont fait preuve de <strong data-start=\"792\" data-end=\"844\">courage, de d\u00e9termination et d\u2019un mental d\u2019acier<\/strong>.<\/h2>\n<p>[\/et_pb_text][\/et_pb_column][\/et_pb_row][et_pb_row column_structure=&#8221;3_5,2_5&#8243; _builder_version=&#8221;4.27.4&#8243; _module_preset=&#8221;default&#8221; background_color=&#8221;rgba(0,0,0,0.05)&#8221; width=&#8221;100%&#8221; max_width=&#8221;2560px&#8221; custom_margin=&#8221;0px||0px||false|false&#8221; global_colors_info=&#8221;{}&#8221; theme_builder_area=&#8221;post_content&#8221;][et_pb_column type=&#8221;3_5&#8243; _builder_version=&#8221;4.27.4&#8243; _module_preset=&#8221;default&#8221; global_colors_info=&#8221;{}&#8221; theme_builder_area=&#8221;post_content&#8221;][et_pb_text _builder_version=&#8221;4.27.4&#8243; _module_preset=&#8221;default&#8221; text_font_size=&#8221;17px&#8221; max_width=&#8221;95%&#8221; module_alignment=&#8221;center&#8221; global_colors_info=&#8221;{}&#8221; theme_builder_area=&#8221;post_content&#8221;]<\/p>\n<blockquote>\n<h2><strong data-start=\"963\" data-end=\"985\">Squat<\/strong><\/h2>\n<p><strong data-start=\"963\" data-end=\"985\">Damien Hippenmeyer<\/strong><br data-start=\"985\" data-end=\"988\" \/>\ud83d\udd39 Cat\u00e9gorie Open -90 kg<br data-start=\"1012\" data-end=\"1015\" \/>\ud83d\udd39 Barre refus\u00e9e \u00e0 212.5 kg (injustifi\u00e9e)<br data-start=\"1154\" data-end=\"1157\" \/>\ud83d\udd39 \ud83e\udd47 M\u00e9daille d\u2019or<\/p>\n<\/blockquote>\n<p>[\/et_pb_text][\/et_pb_column][et_pb_column type=&#8221;2_5&#8243; _builder_version=&#8221;4.27.4&#8243; _module_preset=&#8221;default&#8221; global_colors_info=&#8221;{}&#8221; theme_builder_area=&#8221;post_content&#8221;][et_pb_image src=&#8221;https:\/\/sdfpf.ch\/wp-content\/uploads\/2025\/06\/Squat-Damien-Single-lift-Rome-2025.jpg&#8221; title_text=&#8221;Squat Damien Single lift Rome 2025&#8243; _builder_version=&#8221;4.27.4&#8243; _module_preset=&#8221;default&#8221; global_colors_info=&#8221;{}&#8221; theme_builder_area=&#8221;post_content&#8221;][\/et_pb_image][\/et_pb_column][\/et_pb_row][et_pb_row column_structure=&#8221;2_5,3_5&#8243; _builder_version=&#8221;4.27.4&#8243; _module_preset=&#8221;default&#8221; width=&#8221;100%&#8221; max_width=&#8221;2560px&#8221; custom_margin=&#8221;0px||0px||false|false&#8221; global_colors_info=&#8221;{}&#8221; theme_builder_area=&#8221;post_content&#8221;][et_pb_column type=&#8221;2_5&#8243; _builder_version=&#8221;4.27.4&#8243; _module_preset=&#8221;default&#8221; global_colors_info=&#8221;{}&#8221; theme_builder_area=&#8221;post_content&#8221;][et_pb_image src=&#8221;https:\/\/sdfpf.ch\/wp-content\/uploads\/2025\/06\/Squat-Single-lift-john-rome-2025.jpg&#8221; title_text=&#8221;Squat Single lift john rome 2025&#8243; _builder_version=&#8221;4.27.4&#8243; _module_preset=&#8221;default&#8221; global_colors_info=&#8221;{}&#8221; theme_builder_area=&#8221;post_content&#8221;][\/et_pb_image][\/et_pb_column][et_pb_column type=&#8221;3_5&#8243; _builder_version=&#8221;4.27.4&#8243; _module_preset=&#8221;default&#8221; global_colors_info=&#8221;{}&#8221; theme_builder_area=&#8221;post_content&#8221;][et_pb_text _builder_version=&#8221;4.27.4&#8243; _module_preset=&#8221;default&#8221; text_font_size=&#8221;17px&#8221; max_width=&#8221;95%&#8221; module_alignment=&#8221;center&#8221; global_colors_info=&#8221;{}&#8221; theme_builder_area=&#8221;post_content&#8221;]<\/p>\n<blockquote>\n<h2><strong data-start=\"1234\" data-end=\"1250\">Squat<\/strong><\/h2>\n<p><strong data-start=\"1234\" data-end=\"1250\">John Michoud<\/strong><br data-start=\"1250\" data-end=\"1253\" \/>\ud83d\udd39 Cat\u00e9gorie -100 kg Master 4 (55-60 ans)<br data-start=\"1294\" data-end=\"1297\" \/>\ud83d\udd39 160 kg valid\u00e9<br data-start=\"1313\" data-end=\"1316\" \/>\ud83d\udd39 \ud83e\udd48 M\u00e9daille d\u2019argent<\/p>\n<\/blockquote>\n<p>[\/et_pb_text][\/et_pb_column][\/et_pb_row][et_pb_row column_structure=&#8221;3_5,2_5&#8243; _builder_version=&#8221;4.27.4&#8243; _module_preset=&#8221;default&#8221; background_color=&#8221;rgba(0,0,0,0.05)&#8221; width=&#8221;100%&#8221; max_width=&#8221;2560px&#8221; custom_margin=&#8221;0px||0px||false|false&#8221; global_colors_info=&#8221;{}&#8221; theme_builder_area=&#8221;post_content&#8221;][et_pb_column type=&#8221;3_5&#8243; _builder_version=&#8221;4.27.4&#8243; _module_preset=&#8221;default&#8221; global_colors_info=&#8221;{}&#8221; theme_builder_area=&#8221;post_content&#8221;][et_pb_text _builder_version=&#8221;4.27.4&#8243; _module_preset=&#8221;default&#8221; text_font_size=&#8221;17px&#8221; max_width=&#8221;95%&#8221; module_alignment=&#8221;center&#8221; global_colors_info=&#8221;{}&#8221; theme_builder_area=&#8221;post_content&#8221;]<\/p>\n<blockquote>\n<h2><strong data-start=\"963\" data-end=\"985\">Squat<\/strong><\/h2>\n<p><strong>Michel Ortega<\/strong><br data-start=\"1012\" data-end=\"1015\" \/>\ud83d\udd39 cat\u00e9gorie M* (50-55ans)<br data-start=\"1056\" data-end=\"1059\" \/>\ud83d\udd39 Passe ensuite en squat \u00e9quip\u00e9, validant une barre \u00e0 <strong data-start=\"1114\" data-end=\"1124\">240 kg<\/strong>, malgr\u00e9 deux \u00e9checs initiaux.<br data-start=\"1154\" data-end=\"1157\" \/>\ud83d\udd39 \ud83e\udd47 M\u00e9daille d\u2019or<\/p>\n<\/blockquote>\n<p>[\/et_pb_text][\/et_pb_column][et_pb_column type=&#8221;2_5&#8243; _builder_version=&#8221;4.27.4&#8243; _module_preset=&#8221;default&#8221; global_colors_info=&#8221;{}&#8221; theme_builder_area=&#8221;post_content&#8221;][et_pb_image src=&#8221;https:\/\/sdfpf.ch\/wp-content\/uploads\/2025\/06\/Squat-Michel-Single-lift-Rome-2025.jpg&#8221; title_text=&#8221;Squat Michel Single lift Rome 2025&#8243; _builder_version=&#8221;4.27.4&#8243; _module_preset=&#8221;default&#8221; global_colors_info=&#8221;{}&#8221; theme_builder_area=&#8221;post_content&#8221;][\/et_pb_image][\/et_pb_column][\/et_pb_row][et_pb_row _builder_version=&#8221;4.27.4&#8243; _module_preset=&#8221;default&#8221; width=&#8221;100%&#8221; max_width=&#8221;2560px&#8221; custom_margin=&#8221;0px||0px||false|false&#8221; global_colors_info=&#8221;{}&#8221; theme_builder_area=&#8221;post_content&#8221;][et_pb_column type=&#8221;4_4&#8243; _builder_version=&#8221;4.27.4&#8243; _module_preset=&#8221;default&#8221; global_colors_info=&#8221;{}&#8221; theme_builder_area=&#8221;post_content&#8221;][et_pb_text _builder_version=&#8221;4.27.4&#8243; _module_preset=&#8221;default&#8221; text_font_size=&#8221;17px&#8221; max_width=&#8221;95%&#8221; module_alignment=&#8221;center&#8221; global_colors_info=&#8221;{}&#8221; theme_builder_area=&#8221;post_content&#8221;]<\/p>\n<blockquote>\n<h2><strong data-start=\"1234\" data-end=\"1250\">Bench Press<\/strong><\/h2>\n<p><strong data-start=\"1775\" data-end=\"1795\">Arkadiusz Bielec<\/strong><br data-start=\"1795\" data-end=\"1798\" \/>\ud83d\udd39 Cat\u00e9gorie Master 2 (45-49 ans)<br data-start=\"1831\" data-end=\"1834\" \/>\ud83d\udd39 135 kg valid\u00e9 \u2013 \u00e9galise le record suisse<br data-start=\"1877\" data-end=\"1880\" \/>\ud83d\udd39 \ud83e\udd48 Vice-champion du monde<\/p>\n<\/blockquote>\n<p>[\/et_pb_text][\/et_pb_column][\/et_pb_row][et_pb_row column_structure=&#8221;3_5,2_5&#8243; _builder_version=&#8221;4.27.4&#8243; _module_preset=&#8221;default&#8221; background_color=&#8221;rgba(0,0,0,0.05)&#8221; width=&#8221;100%&#8221; max_width=&#8221;2560px&#8221; custom_margin=&#8221;0px||0px||false|false&#8221; global_colors_info=&#8221;{}&#8221; theme_builder_area=&#8221;post_content&#8221;][et_pb_column type=&#8221;3_5&#8243; _builder_version=&#8221;4.27.4&#8243; _module_preset=&#8221;default&#8221; global_colors_info=&#8221;{}&#8221; theme_builder_area=&#8221;post_content&#8221;][et_pb_text _builder_version=&#8221;4.27.4&#8243; _module_preset=&#8221;default&#8221; text_font_size=&#8221;17px&#8221; max_width=&#8221;95%&#8221; module_alignment=&#8221;center&#8221; global_colors_info=&#8221;{}&#8221; theme_builder_area=&#8221;post_content&#8221;]<\/p>\n<blockquote>\n<h2><strong data-start=\"1234\" data-end=\"1250\">Bench Press<\/strong><\/h2>\n<p><strong data-start=\"1912\" data-end=\"1928\">Kling J\u00e9r\u00e9my<\/strong><br data-start=\"1928\" data-end=\"1931\" \/>\ud83d\udd39 Cat\u00e9gorie -100 kg T3 (18-19 ans)<br data-start=\"1966\" data-end=\"1969\" \/>\ud83d\udd39 Nouveau record suisse qui est de <strong>127.5 kg<\/strong>, \u00e9tabli en 2025<br data-start=\"1993\" data-end=\"1996\" \/>\ud83d\udd39 \ud83e\udd49 M\u00e9daille de bronze<\/p>\n<\/blockquote>\n<p>[\/et_pb_text][\/et_pb_column][et_pb_column type=&#8221;2_5&#8243; _builder_version=&#8221;4.27.4&#8243; _module_preset=&#8221;default&#8221; global_colors_info=&#8221;{}&#8221; theme_builder_area=&#8221;post_content&#8221;][et_pb_image src=&#8221;https:\/\/sdfpf.ch\/wp-content\/uploads\/2025\/06\/Jeremy-Arek-Bench-presse-scaled.jpg&#8221; title_text=&#8221;J\u00e9r\u00e9my &#038; Arek Bench presse&#8221; _builder_version=&#8221;4.27.4&#8243; _module_preset=&#8221;default&#8221; global_colors_info=&#8221;{}&#8221; theme_builder_area=&#8221;post_content&#8221;][\/et_pb_image][\/et_pb_column][\/et_pb_row][et_pb_row column_structure=&#8221;2_5,3_5&#8243; _builder_version=&#8221;4.27.4&#8243; _module_preset=&#8221;default&#8221; width=&#8221;100%&#8221; max_width=&#8221;2560px&#8221; custom_margin=&#8221;0px||0px||false|false&#8221; global_colors_info=&#8221;{}&#8221; theme_builder_area=&#8221;post_content&#8221;][et_pb_column type=&#8221;2_5&#8243; _builder_version=&#8221;4.27.4&#8243; _module_preset=&#8221;default&#8221; global_colors_info=&#8221;{}&#8221; theme_builder_area=&#8221;post_content&#8221;][et_pb_image src=&#8221;https:\/\/sdfpf.ch\/wp-content\/uploads\/2025\/06\/Quentin-Deadlift-Rome-2025.jpg&#8221; title_text=&#8221;Quentin Deadlift Rome 2025&#8243; _builder_version=&#8221;4.27.4&#8243; _module_preset=&#8221;default&#8221; global_colors_info=&#8221;{}&#8221; theme_builder_area=&#8221;post_content&#8221;][\/et_pb_image][\/et_pb_column][et_pb_column type=&#8221;3_5&#8243; _builder_version=&#8221;4.27.4&#8243; _module_preset=&#8221;default&#8221; global_colors_info=&#8221;{}&#8221; theme_builder_area=&#8221;post_content&#8221;][et_pb_text _builder_version=&#8221;4.27.4&#8243; _module_preset=&#8221;default&#8221; text_font_size=&#8221;17px&#8221; max_width=&#8221;95%&#8221; module_alignment=&#8221;center&#8221; global_colors_info=&#8221;{}&#8221; theme_builder_area=&#8221;post_content&#8221;]<\/p>\n<blockquote>\n<h2><strong data-start=\"1234\" data-end=\"1250\">Deadlift<\/strong><\/h2>\n<p><strong data-start=\"2147\" data-end=\"2164\">Quentin Arbey<\/strong><br data-start=\"2164\" data-end=\"2167\" \/>\ud83d\udd39 262.5 kg valid\u00e9<br data-start=\"2185\" data-end=\"2188\" \/>\ud83d\udd39 Nouveau record suisse<br data-start=\"2212\" data-end=\"2215\" \/>\ud83d\udd39 \ud83e\udd49 M\u00e9daille de bronze<\/p>\n<\/blockquote>\n<p>[\/et_pb_text][\/et_pb_column][\/et_pb_row][et_pb_row column_structure=&#8221;3_5,2_5&#8243; _builder_version=&#8221;4.27.4&#8243; _module_preset=&#8221;default&#8221; background_color=&#8221;rgba(0,0,0,0.05)&#8221; width=&#8221;100%&#8221; max_width=&#8221;2560px&#8221; custom_margin=&#8221;0px||0px||false|false&#8221; global_colors_info=&#8221;{}&#8221; theme_builder_area=&#8221;post_content&#8221;][et_pb_column type=&#8221;3_5&#8243; _builder_version=&#8221;4.27.4&#8243; _module_preset=&#8221;default&#8221; global_colors_info=&#8221;{}&#8221; theme_builder_area=&#8221;post_content&#8221;][et_pb_text _builder_version=&#8221;4.27.4&#8243; _module_preset=&#8221;default&#8221; text_font_size=&#8221;17px&#8221; max_width=&#8221;95%&#8221; module_alignment=&#8221;center&#8221; global_colors_info=&#8221;{}&#8221; theme_builder_area=&#8221;post_content&#8221;]<\/p>\n<blockquote>\n<h2><strong data-start=\"2291\" data-end=\"2312\">Fr\u00e9d\u00e9rique Vallon<\/strong><\/h2>\n<p>\ud83d\udd39 Cat\u00e9gorie M1 -90 kg<br data-start=\"2337\" data-end=\"2340\" \/>\ud83d\udd39 225 kg valid\u00e9<br data-start=\"2356\" data-end=\"2359\" \/>\ud83d\udd39 \ud83e\udd47 Champion du monde pour sa premi\u00e8re participation<br data-start=\"2413\" data-end=\"2416\" \/>\ud83d\udd39 Nouveau record suisse<\/p>\n<\/blockquote>\n<p>&nbsp;<\/p>\n<p>[\/et_pb_text][\/et_pb_column][et_pb_column type=&#8221;2_5&#8243; _builder_version=&#8221;4.27.4&#8243; _module_preset=&#8221;default&#8221; global_colors_info=&#8221;{}&#8221; theme_builder_area=&#8221;post_content&#8221;][et_pb_image src=&#8221;https:\/\/sdfpf.ch\/wp-content\/uploads\/2025\/06\/Frederique-Deadlift-Rome-2025.jpg&#8221; title_text=&#8221;Fr\u00e9d\u00e9rique Deadlift Rome 2025&#8243; _builder_version=&#8221;4.27.4&#8243; _module_preset=&#8221;default&#8221; global_colors_info=&#8221;{}&#8221; theme_builder_area=&#8221;post_content&#8221;][\/et_pb_image][\/et_pb_column][\/et_pb_row][et_pb_row column_structure=&#8221;2_5,3_5&#8243; _builder_version=&#8221;4.27.4&#8243; _module_preset=&#8221;default&#8221; width=&#8221;100%&#8221; max_width=&#8221;2560px&#8221; custom_margin=&#8221;0px||0px||false|false&#8221; global_colors_info=&#8221;{}&#8221; theme_builder_area=&#8221;post_content&#8221;][et_pb_column type=&#8221;2_5&#8243; _builder_version=&#8221;4.27.4&#8243; _module_preset=&#8221;default&#8221; global_colors_info=&#8221;{}&#8221; theme_builder_area=&#8221;post_content&#8221;][et_pb_image src=&#8221;https:\/\/sdfpf.ch\/wp-content\/uploads\/2025\/06\/Damien-Deadlift-Rome-2025.jpg&#8221; title_text=&#8221;Damien Deadlift Rome 2025&#8243; _builder_version=&#8221;4.27.4&#8243; _module_preset=&#8221;default&#8221; global_colors_info=&#8221;{}&#8221; theme_builder_area=&#8221;post_content&#8221;][\/et_pb_image][\/et_pb_column][et_pb_column type=&#8221;3_5&#8243; _builder_version=&#8221;4.27.4&#8243; _module_preset=&#8221;default&#8221; global_colors_info=&#8221;{}&#8221; theme_builder_area=&#8221;post_content&#8221;][et_pb_text _builder_version=&#8221;4.27.4&#8243; _module_preset=&#8221;default&#8221; text_font_size=&#8221;17px&#8221; max_width=&#8221;95%&#8221; module_alignment=&#8221;center&#8221; global_colors_info=&#8221;{}&#8221; theme_builder_area=&#8221;post_content&#8221;]<\/p>\n<blockquote>\n<h2><strong data-start=\"2490\" data-end=\"2512\">Damien Hippenmeyer<\/strong><\/h2>\n<p>\ud83d\udd39 Cat\u00e9gorie Open -90 kg<br data-start=\"2539\" data-end=\"2542\" \/>\ud83d\udd39 272.5 kg valid\u00e9 apr\u00e8s un deuxi\u00e8me essai refus\u00e9<br data-start=\"2591\" data-end=\"2594\" \/>\ud83d\udd39 \ud83e\udd47 Champion du monde + Champion toutes cat\u00e9gories<br data-start=\"2646\" data-end=\"2649\" \/>\ud83d\udd39 Nouveau record suisse<br data-start=\"2673\" data-end=\"2676\" \/>\ud83d\udd39 Performance exceptionnelle de mental<\/p>\n<\/blockquote>\n<p>[\/et_pb_text][\/et_pb_column][\/et_pb_row][et_pb_row _builder_version=&#8221;4.27.4&#8243; _module_preset=&#8221;default&#8221; background_color=&#8221;rgba(0,0,0,0.05)&#8221; width=&#8221;100%&#8221; max_width=&#8221;2560px&#8221; custom_margin=&#8221;0px||0px||false|false&#8221; global_colors_info=&#8221;{}&#8221; theme_builder_area=&#8221;post_content&#8221;][et_pb_column type=&#8221;4_4&#8243; _builder_version=&#8221;4.27.4&#8243; _module_preset=&#8221;default&#8221; global_colors_info=&#8221;{}&#8221; theme_builder_area=&#8221;post_content&#8221;][et_pb_text _builder_version=&#8221;4.27.4&#8243; _module_preset=&#8221;default&#8221; text_font_size=&#8221;17px&#8221; max_width=&#8221;95%&#8221; module_alignment=&#8221;center&#8221; global_colors_info=&#8221;{}&#8221; theme_builder_area=&#8221;post_content&#8221;]<\/p>\n<blockquote>\n<h2><strong>Bilan de l\u2019\u00e9quipe Power Fitness Ortega \/ Suisse<\/strong><\/h2>\n<h3 data-start=\"2769\" data-end=\"2825\">\ud83c\udde8\ud83c\udded Bilan de l\u2019\u00e9quipe Power Fitness Ortega \/ Suisse<\/h3>\n<ul data-start=\"2827\" data-end=\"2965\">\n<li data-start=\"2827\" data-end=\"2854\">\n<p data-start=\"2829\" data-end=\"2854\">\ud83e\udd47 <strong data-start=\"2832\" data-end=\"2852\">4 M\u00e9dailles d\u2019or<\/strong><\/p>\n<\/li>\n<li data-start=\"2855\" data-end=\"2886\">\n<p data-start=\"2857\" data-end=\"2886\">\ud83e\udd48 <strong data-start=\"2860\" data-end=\"2884\">3 M\u00e9dailles d\u2019argent<\/strong><\/p>\n<\/li>\n<li data-start=\"2887\" data-end=\"2919\">\n<p data-start=\"2889\" data-end=\"2919\">\ud83e\udd49 <strong data-start=\"2892\" data-end=\"2917\">2 M\u00e9dailles de bronze<\/strong><\/p>\n<\/li>\n<li data-start=\"2920\" data-end=\"2965\">\n<p data-start=\"2922\" data-end=\"2965\">\ud83c\udde8\ud83c\udded <strong data-start=\"2927\" data-end=\"2965\">Plusieurs records nationaux battus<\/strong><\/p>\n<\/li>\n<\/ul>\n<\/blockquote>\n<p>&nbsp;<\/p>\n<p>[\/et_pb_text][et_pb_text _builder_version=&#8221;4.27.4&#8243; _module_preset=&#8221;default&#8221; text_font_size=&#8221;17px&#8221; max_width=&#8221;95%&#8221; module_alignment=&#8221;center&#8221; global_colors_info=&#8221;{}&#8221; theme_builder_area=&#8221;post_content&#8221;]<\/p>\n<blockquote>\n<h2>\ud83d\ude4f Conclusion<\/h2>\n<h3 data-start=\"2769\" data-end=\"2825\">Un immense bravo \u00e0 tous les athl\u00e8tes qui ont repr\u00e9sent\u00e9 la Suisse et le Power Fitness Ortega avec passion, force et professionnalisme. Malgr\u00e9 les difficult\u00e9s, vous avez brill\u00e9 sur la sc\u00e8ne internationale !<\/h3>\n<\/blockquote>\n<p>[\/et_pb_text][\/et_pb_column][\/et_pb_row][\/et_pb_section]<\/p>\n","protected":false},"excerpt":{"rendered":"<p>Du 13 au 15 juin 2025, l\u2019\u00e9quipe suisse, repr\u00e9sent\u00e9e exclusivement par les athl\u00e8tes du Power Fitness Ortega, a particip\u00e9 au Championnat du Monde de Powerlifting Single Lift \u00e0 Rome. Malgr\u00e9 [&hellip;]<\/p>\n","protected":false},"author":1,"featured_media":31268,"comment_status":"open","ping_status":"closed","sticky":false,"template":"","format":"standard","meta":{"_et_pb_use_builder":"on","_et_pb_old_content":"","_et_gb_content_width":"","footnotes":""},"categories":[1],"tags":[],"class_list":["post-31266","post","type-post","status-publish","format-standard","has-post-thumbnail","hentry","category-resultats"],"yoast_head":"<!-- This site is optimized with the Yoast SEO plugin v28.3 - https:\/\/yoast.com\/product\/yoast-seo-wordpress\/ -->\n<title>R\u00e9sultats de l\u2019\u00e9quipe suisse \/ Power Fitness Ortega \u2013 Championnat du monde Single Lift 2025 \u00e0 Rome - Swiss Drug-Free Powerlifting Federation<\/title>\n<meta name=\"robots\" content=\"index, follow, max-snippet:-1, max-image-preview:large, max-video-preview:-1\" \/>\n<link rel=\"canonical\" href=\"https:\/\/sdfpf.ch\/it\/resultats-de-lequipe-suisse-power-fitness-ortega-championnat-du-monde-single-lift-2025-a-rome\/\" \/>\n<meta property=\"og:locale\" content=\"it_IT\" \/>\n<meta property=\"og:type\" content=\"article\" \/>\n<meta property=\"og:title\" content=\"R\u00e9sultats de l\u2019\u00e9quipe suisse \/ Power Fitness Ortega \u2013 Championnat du monde Single Lift 2025 \u00e0 Rome - Swiss Drug-Free Powerlifting Federation\" \/>\n<meta property=\"og:description\" content=\"Du 13 au 15 juin 2025, l\u2019\u00e9quipe suisse, repr\u00e9sent\u00e9e exclusivement par les athl\u00e8tes du Power Fitness Ortega, a particip\u00e9 au Championnat du Monde de Powerlifting Single Lift \u00e0 Rome. Malgr\u00e9 [&hellip;]\" \/>\n<meta property=\"og:url\" content=\"https:\/\/sdfpf.ch\/it\/resultats-de-lequipe-suisse-power-fitness-ortega-championnat-du-monde-single-lift-2025-a-rome\/\" \/>\n<meta property=\"og:site_name\" content=\"Swiss Drug-Free Powerlifting Federation\" \/>\n<meta property=\"article:published_time\" content=\"2025-06-18T15:19:46+00:00\" \/>\n<meta property=\"article:modified_time\" content=\"2025-06-20T16:11:38+00:00\" \/>\n<meta property=\"og:image\" content=\"https:\/\/sdfpf.ch\/wp-content\/uploads\/2025\/06\/squat-Rome-2025-single-lift.jpg\" \/>\n\t<meta property=\"og:image:width\" content=\"1179\" \/>\n\t<meta property=\"og:image:height\" content=\"1232\" \/>\n\t<meta property=\"og:image:type\" content=\"image\/jpeg\" \/>\n<meta name=\"author\" content=\"addsdfpfuser\" \/>\n<meta name=\"twitter:card\" content=\"summary_large_image\" \/>\n<meta name=\"twitter:label1\" content=\"Scritto da\" \/>\n\t<meta name=\"twitter:data1\" content=\"addsdfpfuser\" \/>\n\t<meta name=\"twitter:label2\" content=\"Tempo di lettura stimato\" \/>\n\t<meta name=\"twitter:data2\" content=\"2 minuti\" \/>\n<script type=\"application\/ld+json\" class=\"yoast-schema-graph\">{\"@context\":\"https:\\\/\\\/schema.org\",\"@graph\":[{\"@type\":\"Article\",\"@id\":\"https:\\\/\\\/sdfpf.ch\\\/en\\\/resultats-de-lequipe-suisse-power-fitness-ortega-championnat-du-monde-single-lift-2025-a-rome\\\/#article\",\"isPartOf\":{\"@id\":\"https:\\\/\\\/sdfpf.ch\\\/en\\\/resultats-de-lequipe-suisse-power-fitness-ortega-championnat-du-monde-single-lift-2025-a-rome\\\/\"},\"author\":{\"name\":\"addsdfpfuser\",\"@id\":\"https:\\\/\\\/sdfpf.ch\\\/en\\\/#\\\/schema\\\/person\\\/18b2a9e9ac53e72542e28916cc283bf0\"},\"headline\":\"R\u00e9sultats de l\u2019\u00e9quipe suisse \\\/ Power Fitness Ortega \u2013 Championnat du monde Single Lift 2025 \u00e0 Rome\",\"datePublished\":\"2025-06-18T15:19:46+00:00\",\"dateModified\":\"2025-06-20T16:11:38+00:00\",\"mainEntityOfPage\":{\"@id\":\"https:\\\/\\\/sdfpf.ch\\\/en\\\/resultats-de-lequipe-suisse-power-fitness-ortega-championnat-du-monde-single-lift-2025-a-rome\\\/\"},\"wordCount\":1532,\"commentCount\":0,\"image\":{\"@id\":\"https:\\\/\\\/sdfpf.ch\\\/en\\\/resultats-de-lequipe-suisse-power-fitness-ortega-championnat-du-monde-single-lift-2025-a-rome\\\/#primaryimage\"},\"thumbnailUrl\":\"https:\\\/\\\/sdfpf.ch\\\/wp-content\\\/uploads\\\/2025\\\/06\\\/squat-Rome-2025-single-lift.jpg\",\"articleSection\":[\"R\u00e9sultats\"],\"inLanguage\":\"it-IT\",\"potentialAction\":[{\"@type\":\"CommentAction\",\"name\":\"Comment\",\"target\":[\"https:\\\/\\\/sdfpf.ch\\\/en\\\/resultats-de-lequipe-suisse-power-fitness-ortega-championnat-du-monde-single-lift-2025-a-rome\\\/#respond\"]}]},{\"@type\":\"WebPage\",\"@id\":\"https:\\\/\\\/sdfpf.ch\\\/en\\\/resultats-de-lequipe-suisse-power-fitness-ortega-championnat-du-monde-single-lift-2025-a-rome\\\/\",\"url\":\"https:\\\/\\\/sdfpf.ch\\\/en\\\/resultats-de-lequipe-suisse-power-fitness-ortega-championnat-du-monde-single-lift-2025-a-rome\\\/\",\"name\":\"R\u00e9sultats de l\u2019\u00e9quipe suisse \\\/ Power Fitness Ortega \u2013 Championnat du monde Single Lift 2025 \u00e0 Rome - Swiss Drug-Free Powerlifting Federation\",\"isPartOf\":{\"@id\":\"https:\\\/\\\/sdfpf.ch\\\/en\\\/#website\"},\"primaryImageOfPage\":{\"@id\":\"https:\\\/\\\/sdfpf.ch\\\/en\\\/resultats-de-lequipe-suisse-power-fitness-ortega-championnat-du-monde-single-lift-2025-a-rome\\\/#primaryimage\"},\"image\":{\"@id\":\"https:\\\/\\\/sdfpf.ch\\\/en\\\/resultats-de-lequipe-suisse-power-fitness-ortega-championnat-du-monde-single-lift-2025-a-rome\\\/#primaryimage\"},\"thumbnailUrl\":\"https:\\\/\\\/sdfpf.ch\\\/wp-content\\\/uploads\\\/2025\\\/06\\\/squat-Rome-2025-single-lift.jpg\",\"datePublished\":\"2025-06-18T15:19:46+00:00\",\"dateModified\":\"2025-06-20T16:11:38+00:00\",\"author\":{\"@id\":\"https:\\\/\\\/sdfpf.ch\\\/en\\\/#\\\/schema\\\/person\\\/18b2a9e9ac53e72542e28916cc283bf0\"},\"breadcrumb\":{\"@id\":\"https:\\\/\\\/sdfpf.ch\\\/en\\\/resultats-de-lequipe-suisse-power-fitness-ortega-championnat-du-monde-single-lift-2025-a-rome\\\/#breadcrumb\"},\"inLanguage\":\"it-IT\",\"potentialAction\":[{\"@type\":\"ReadAction\",\"target\":[\"https:\\\/\\\/sdfpf.ch\\\/en\\\/resultats-de-lequipe-suisse-power-fitness-ortega-championnat-du-monde-single-lift-2025-a-rome\\\/\"]}]},{\"@type\":\"ImageObject\",\"inLanguage\":\"it-IT\",\"@id\":\"https:\\\/\\\/sdfpf.ch\\\/en\\\/resultats-de-lequipe-suisse-power-fitness-ortega-championnat-du-monde-single-lift-2025-a-rome\\\/#primaryimage\",\"url\":\"https:\\\/\\\/sdfpf.ch\\\/wp-content\\\/uploads\\\/2025\\\/06\\\/squat-Rome-2025-single-lift.jpg\",\"contentUrl\":\"https:\\\/\\\/sdfpf.ch\\\/wp-content\\\/uploads\\\/2025\\\/06\\\/squat-Rome-2025-single-lift.jpg\",\"width\":1179,\"height\":1232},{\"@type\":\"BreadcrumbList\",\"@id\":\"https:\\\/\\\/sdfpf.ch\\\/en\\\/resultats-de-lequipe-suisse-power-fitness-ortega-championnat-du-monde-single-lift-2025-a-rome\\\/#breadcrumb\",\"itemListElement\":[{\"@type\":\"ListItem\",\"position\":1,\"name\":\"Accueil\",\"item\":\"https:\\\/\\\/sdfpf.ch\\\/en\\\/\"},{\"@type\":\"ListItem\",\"position\":2,\"name\":\"R\u00e9sultats de l\u2019\u00e9quipe suisse \\\/ Power Fitness Ortega \u2013 Championnat du monde Single Lift 2025 \u00e0 Rome\"}]},{\"@type\":\"WebSite\",\"@id\":\"https:\\\/\\\/sdfpf.ch\\\/en\\\/#website\",\"url\":\"https:\\\/\\\/sdfpf.ch\\\/en\\\/\",\"name\":\"Swiss Drug-Free Powerlifting Federation\",\"description\":\"Our federation for athletes\",\"potentialAction\":[{\"@type\":\"SearchAction\",\"target\":{\"@type\":\"EntryPoint\",\"urlTemplate\":\"https:\\\/\\\/sdfpf.ch\\\/en\\\/?s={search_term_string}\"},\"query-input\":{\"@type\":\"PropertyValueSpecification\",\"valueRequired\":true,\"valueName\":\"search_term_string\"}}],\"inLanguage\":\"it-IT\"},{\"@type\":\"Person\",\"@id\":\"https:\\\/\\\/sdfpf.ch\\\/en\\\/#\\\/schema\\\/person\\\/18b2a9e9ac53e72542e28916cc283bf0\",\"name\":\"addsdfpfuser\",\"image\":{\"@type\":\"ImageObject\",\"inLanguage\":\"it-IT\",\"@id\":\"https:\\\/\\\/secure.gravatar.com\\\/avatar\\\/b15b3dfd5dce9a267a6619952029fba70db25f01858198ebd85e60d1e85a3c82?s=96&d=mm&r=g\",\"url\":\"https:\\\/\\\/secure.gravatar.com\\\/avatar\\\/b15b3dfd5dce9a267a6619952029fba70db25f01858198ebd85e60d1e85a3c82?s=96&d=mm&r=g\",\"contentUrl\":\"https:\\\/\\\/secure.gravatar.com\\\/avatar\\\/b15b3dfd5dce9a267a6619952029fba70db25f01858198ebd85e60d1e85a3c82?s=96&d=mm&r=g\",\"caption\":\"addsdfpfuser\"},\"sameAs\":[\"https:\\\/\\\/sdfpf.yetinc.ch\"],\"url\":\"https:\\\/\\\/sdfpf.ch\\\/it\\\/author\\\/addsdfpfuser\\\/\"}]}<\/script>\n<!-- \/ Yoast SEO plugin. -->","yoast_head_json":{"title":"R\u00e9sultats de l\u2019\u00e9quipe suisse \/ Power Fitness Ortega \u2013 Championnat du monde Single Lift 2025 \u00e0 Rome - Swiss Drug-Free Powerlifting Federation","robots":{"index":"index","follow":"follow","max-snippet":"max-snippet:-1","max-image-preview":"max-image-preview:large","max-video-preview":"max-video-preview:-1"},"canonical":"https:\/\/sdfpf.ch\/it\/resultats-de-lequipe-suisse-power-fitness-ortega-championnat-du-monde-single-lift-2025-a-rome\/","og_locale":"it_IT","og_type":"article","og_title":"R\u00e9sultats de l\u2019\u00e9quipe suisse \/ Power Fitness Ortega \u2013 Championnat du monde Single Lift 2025 \u00e0 Rome - Swiss Drug-Free Powerlifting Federation","og_description":"Du 13 au 15 juin 2025, l\u2019\u00e9quipe suisse, repr\u00e9sent\u00e9e exclusivement par les athl\u00e8tes du Power Fitness Ortega, a particip\u00e9 au Championnat du Monde de Powerlifting Single Lift \u00e0 Rome. Malgr\u00e9 [&hellip;]","og_url":"https:\/\/sdfpf.ch\/it\/resultats-de-lequipe-suisse-power-fitness-ortega-championnat-du-monde-single-lift-2025-a-rome\/","og_site_name":"Swiss Drug-Free Powerlifting Federation","article_published_time":"2025-06-18T15:19:46+00:00","article_modified_time":"2025-06-20T16:11:38+00:00","og_image":[{"width":1179,"height":1232,"url":"https:\/\/sdfpf.ch\/wp-content\/uploads\/2025\/06\/squat-Rome-2025-single-lift.jpg","type":"image\/jpeg"}],"author":"addsdfpfuser","twitter_card":"summary_large_image","twitter_misc":{"Scritto da":"addsdfpfuser","Tempo di lettura stimato":"2 minuti"},"schema":{"@context":"https:\/\/schema.org","@graph":[{"@type":"Article","@id":"https:\/\/sdfpf.ch\/en\/resultats-de-lequipe-suisse-power-fitness-ortega-championnat-du-monde-single-lift-2025-a-rome\/#article","isPartOf":{"@id":"https:\/\/sdfpf.ch\/en\/resultats-de-lequipe-suisse-power-fitness-ortega-championnat-du-monde-single-lift-2025-a-rome\/"},"author":{"name":"addsdfpfuser","@id":"https:\/\/sdfpf.ch\/en\/#\/schema\/person\/18b2a9e9ac53e72542e28916cc283bf0"},"headline":"R\u00e9sultats de l\u2019\u00e9quipe suisse \/ Power Fitness Ortega \u2013 Championnat du monde Single Lift 2025 \u00e0 Rome","datePublished":"2025-06-18T15:19:46+00:00","dateModified":"2025-06-20T16:11:38+00:00","mainEntityOfPage":{"@id":"https:\/\/sdfpf.ch\/en\/resultats-de-lequipe-suisse-power-fitness-ortega-championnat-du-monde-single-lift-2025-a-rome\/"},"wordCount":1532,"commentCount":0,"image":{"@id":"https:\/\/sdfpf.ch\/en\/resultats-de-lequipe-suisse-power-fitness-ortega-championnat-du-monde-single-lift-2025-a-rome\/#primaryimage"},"thumbnailUrl":"https:\/\/sdfpf.ch\/wp-content\/uploads\/2025\/06\/squat-Rome-2025-single-lift.jpg","articleSection":["R\u00e9sultats"],"inLanguage":"it-IT","potentialAction":[{"@type":"CommentAction","name":"Comment","target":["https:\/\/sdfpf.ch\/en\/resultats-de-lequipe-suisse-power-fitness-ortega-championnat-du-monde-single-lift-2025-a-rome\/#respond"]}]},{"@type":"WebPage","@id":"https:\/\/sdfpf.ch\/en\/resultats-de-lequipe-suisse-power-fitness-ortega-championnat-du-monde-single-lift-2025-a-rome\/","url":"https:\/\/sdfpf.ch\/en\/resultats-de-lequipe-suisse-power-fitness-ortega-championnat-du-monde-single-lift-2025-a-rome\/","name":"R\u00e9sultats de l\u2019\u00e9quipe suisse \/ Power Fitness Ortega \u2013 Championnat du monde Single Lift 2025 \u00e0 Rome - Swiss Drug-Free Powerlifting Federation","isPartOf":{"@id":"https:\/\/sdfpf.ch\/en\/#website"},"primaryImageOfPage":{"@id":"https:\/\/sdfpf.ch\/en\/resultats-de-lequipe-suisse-power-fitness-ortega-championnat-du-monde-single-lift-2025-a-rome\/#primaryimage"},"image":{"@id":"https:\/\/sdfpf.ch\/en\/resultats-de-lequipe-suisse-power-fitness-ortega-championnat-du-monde-single-lift-2025-a-rome\/#primaryimage"},"thumbnailUrl":"https:\/\/sdfpf.ch\/wp-content\/uploads\/2025\/06\/squat-Rome-2025-single-lift.jpg","datePublished":"2025-06-18T15:19:46+00:00","dateModified":"2025-06-20T16:11:38+00:00","author":{"@id":"https:\/\/sdfpf.ch\/en\/#\/schema\/person\/18b2a9e9ac53e72542e28916cc283bf0"},"breadcrumb":{"@id":"https:\/\/sdfpf.ch\/en\/resultats-de-lequipe-suisse-power-fitness-ortega-championnat-du-monde-single-lift-2025-a-rome\/#breadcrumb"},"inLanguage":"it-IT","potentialAction":[{"@type":"ReadAction","target":["https:\/\/sdfpf.ch\/en\/resultats-de-lequipe-suisse-power-fitness-ortega-championnat-du-monde-single-lift-2025-a-rome\/"]}]},{"@type":"ImageObject","inLanguage":"it-IT","@id":"https:\/\/sdfpf.ch\/en\/resultats-de-lequipe-suisse-power-fitness-ortega-championnat-du-monde-single-lift-2025-a-rome\/#primaryimage","url":"https:\/\/sdfpf.ch\/wp-content\/uploads\/2025\/06\/squat-Rome-2025-single-lift.jpg","contentUrl":"https:\/\/sdfpf.ch\/wp-content\/uploads\/2025\/06\/squat-Rome-2025-single-lift.jpg","width":1179,"height":1232},{"@type":"BreadcrumbList","@id":"https:\/\/sdfpf.ch\/en\/resultats-de-lequipe-suisse-power-fitness-ortega-championnat-du-monde-single-lift-2025-a-rome\/#breadcrumb","itemListElement":[{"@type":"ListItem","position":1,"name":"Accueil","item":"https:\/\/sdfpf.ch\/en\/"},{"@type":"ListItem","position":2,"name":"R\u00e9sultats de l\u2019\u00e9quipe suisse \/ Power Fitness Ortega \u2013 Championnat du monde Single Lift 2025 \u00e0 Rome"}]},{"@type":"WebSite","@id":"https:\/\/sdfpf.ch\/en\/#website","url":"https:\/\/sdfpf.ch\/en\/","name":"Federazione svizzera di powerlifting senza droghe","description":"Our federation for athletes","potentialAction":[{"@type":"SearchAction","target":{"@type":"EntryPoint","urlTemplate":"https:\/\/sdfpf.ch\/en\/?s={search_term_string}"},"query-input":{"@type":"PropertyValueSpecification","valueRequired":true,"valueName":"search_term_string"}}],"inLanguage":"it-IT"},{"@type":"Person","@id":"https:\/\/sdfpf.ch\/en\/#\/schema\/person\/18b2a9e9ac53e72542e28916cc283bf0","name":"addsdfpfuser","image":{"@type":"ImageObject","inLanguage":"it-IT","@id":"https:\/\/secure.gravatar.com\/avatar\/b15b3dfd5dce9a267a6619952029fba70db25f01858198ebd85e60d1e85a3c82?s=96&d=mm&r=g","url":"https:\/\/secure.gravatar.com\/avatar\/b15b3dfd5dce9a267a6619952029fba70db25f01858198ebd85e60d1e85a3c82?s=96&d=mm&r=g","contentUrl":"https:\/\/secure.gravatar.com\/avatar\/b15b3dfd5dce9a267a6619952029fba70db25f01858198ebd85e60d1e85a3c82?s=96&d=mm&r=g","caption":"addsdfpfuser"},"sameAs":["https:\/\/sdfpf.yetinc.ch"],"url":"https:\/\/sdfpf.ch\/it\/author\/addsdfpfuser\/"}]}},"_links":{"self":[{"href":"https:\/\/sdfpf.ch\/it\/wp-json\/wp\/v2\/posts\/31266","targetHints":{"allow":["GET"]}}],"collection":[{"href":"https:\/\/sdfpf.ch\/it\/wp-json\/wp\/v2\/posts"}],"about":[{"href":"https:\/\/sdfpf.ch\/it\/wp-json\/wp\/v2\/types\/post"}],"author":[{"embeddable":true,"href":"https:\/\/sdfpf.ch\/it\/wp-json\/wp\/v2\/users\/1"}],"replies":[{"embeddable":true,"href":"https:\/\/sdfpf.ch\/it\/wp-json\/wp\/v2\/comments?post=31266"}],"version-history":[{"count":6,"href":"https:\/\/sdfpf.ch\/it\/wp-json\/wp\/v2\/posts\/31266\/revisions"}],"predecessor-version":[{"id":31296,"href":"https:\/\/sdfpf.ch\/it\/wp-json\/wp\/v2\/posts\/31266\/revisions\/31296"}],"wp:featuredmedia":[{"embeddable":true,"href":"https:\/\/sdfpf.ch\/it\/wp-json\/wp\/v2\/media\/31268"}],"wp:attachment":[{"href":"https:\/\/sdfpf.ch\/it\/wp-json\/wp\/v2\/media?parent=31266"}],"wp:term":[{"taxonomy":"category","embeddable":true,"href":"https:\/\/sdfpf.ch\/it\/wp-json\/wp\/v2\/categories?post=31266"},{"taxonomy":"post_tag","embeddable":true,"href":"https:\/\/sdfpf.ch\/it\/wp-json\/wp\/v2\/tags?post=31266"}],"curies":[{"name":"wp","href":"https:\/\/api.w.org\/{rel}","templated":true}]}}