{"id":31542,"global_id":"sdfpf.ch\/fr?id=31542","global_id_lineage":["sdfpf.ch\/fr?id=31542"],"author":"1","status":"publish","date":"2026-02-03 15:33:01","date_utc":"2026-02-03 14:33:01","modified":"2026-02-03 15:33:01","modified_utc":"2026-02-03 14:33:01","url":"https:\/\/sdfpf.ch\/fr\/o-event\/championnats-suisse-de-powerlifting-2026\/","rest_url":"https:\/\/sdfpf.ch\/fr\/wp-json\/tribe\/events\/v1\/events\/31542","title":"Championnats Suisse de Powerlifting 2026","description":"<p>Championnat Suisse SDFPF single lift &amp; Full Power<\/p>\n<p>Schweizer SDFPF Single Lift &amp; Full Power Championship<\/p>\n<p>Campionato svizzero SDFPF Single Lift e Full Power<\/p>\n<p>D\u00e9roulement de la journ\u00e9e du 21.03.2026Fortschritt des Tages vom 21.03.2026<\/p>\n<p>Andamento della giornata dal 21 marzo 2026<\/p>\n<p>Pes\u00e9e et contr\u00f4le du mat\u00e9riel de 8h00 \u00e0 9h00 &#8211; D\u00e9but de la comp\u00e9tition 10h00<\/p>\n<p>Wiegen und Ger\u00e4tekontrolle von 8:00 bis 9:00 Uhr &#8211; Wettkampfbeginn 10:00 Uhr.<\/p>\n<p>Pesatura e controllo attrezzature dalle ore 8:00 alle ore 9:00 &#8211; Inizio gara ore 10:00<\/p>\n<p>10h00\u00a0\u00a0 Squat &#8211; 11h30 Bench press &#8211; 13h00 deadlift &#8211; 16h00 Remise des prix\u00a0Lieu de la comp\u00e9tition \u2013 Wettbewerbsort &#8211; Luogo di garaPower Fitness Ortega Rue des Petits Champs 11D 1400 Yverdon-les-Bains\u00a0<strong><u>R\u00e8gles de base lors de la pes\u00e9e et contr\u00f4le mat\u00e9riel<\/u><\/strong>L\u2019athl\u00e8te doit \u00eatre pes\u00e9e en slip et non en boxer Chaussette sous le genou pour le deadlift obligatoire et non des manchettesLa ceinture doit \u00eatre r\u00e9glementaire et non rembourr\u00e9 T-shirt les manches doivent \u00eatre au-dessus du coude<\/p>\n<p><strong><u>\u00a0<\/u><\/strong><\/p>\n<p><strong><u>Grundregeln beim Wiegen und Materialkontrolle<\/u><\/strong><\/p>\n<p>Der Athlet muss in Unterw\u00e4sche und nicht in Boxershorts gewogen werden<\/p>\n<p>Socken unterhalb des Knies f\u00fcr das obligatorische Kreuzheben und keine Armstulpen<\/p>\n<p>Der G\u00fcrtel muss normal und nicht gepolstert sein<\/p>\n<p>Die \u00c4rmel des T-Shirts m\u00fcssen \u00fcber dem Ellenbogen liegen<\/p>\n<p><strong><u>\u00a0<\/u><\/strong><\/p>\n<p><strong><u>Regole di base per la pesatura e il controllo del materiale<\/u><\/strong><\/p>\n<p>L&#8217;atleta dovr\u00e0 essere pesato in biancheria intima e non in boxer<\/p>\n<p>Calza sotto il ginocchio per lo stacco obbligatorio e non scaldabraccia<\/p>\n<p>La cintura deve essere regolamentare e non imbottita<\/p>\n<p>Le maniche della maglietta devono essere sopra il gomito<\/p>","excerpt":"","slug":"championnats-suisse-de-powerlifting-2026","image":{"url":"https:\/\/sdfpf.ch\/wp-content\/uploads\/2026\/02\/Suisse-SDFPF-2026-.jpg","id":31545,"extension":"jpg","width":1080,"height":1080,"filesize":289626,"sizes":{"medium":{"width":300,"height":300,"mime-type":"image\/jpeg","filesize":32433,"url":"https:\/\/sdfpf.ch\/wp-content\/uploads\/2026\/02\/Suisse-SDFPF-2026--300x300.jpg"},"large":{"width":1024,"height":1024,"mime-type":"image\/jpeg","filesize":291721,"url":"https:\/\/sdfpf.ch\/wp-content\/uploads\/2026\/02\/Suisse-SDFPF-2026--1024x1024.jpg"},"thumbnail":{"width":150,"height":150,"mime-type":"image\/jpeg","filesize":9345,"url":"https:\/\/sdfpf.ch\/wp-content\/uploads\/2026\/02\/Suisse-SDFPF-2026--150x150.jpg"},"medium_large":{"width":768,"height":768,"mime-type":"image\/jpeg","filesize":179022,"url":"https:\/\/sdfpf.ch\/wp-content\/uploads\/2026\/02\/Suisse-SDFPF-2026--768x768.jpg"},"trp-custom-language-flag":{"width":12,"height":12,"mime-type":"image\/jpeg","filesize":409,"url":"https:\/\/sdfpf.ch\/wp-content\/uploads\/2026\/02\/Suisse-SDFPF-2026--12x12.jpg"},"et-pb-post-main-image":{"width":400,"height":250,"mime-type":"image\/jpeg","filesize":34897,"url":"https:\/\/sdfpf.ch\/wp-content\/uploads\/2026\/02\/Suisse-SDFPF-2026--400x250.jpg"},"et-pb-post-main-image-fullwidth":{"width":1080,"height":675,"mime-type":"image\/jpeg","filesize":235462,"url":"https:\/\/sdfpf.ch\/wp-content\/uploads\/2026\/02\/Suisse-SDFPF-2026--1080x675.jpg"},"et-pb-portfolio-image":{"width":400,"height":284,"mime-type":"image\/jpeg","filesize":38911,"url":"https:\/\/sdfpf.ch\/wp-content\/uploads\/2026\/02\/Suisse-SDFPF-2026--400x284.jpg"},"et-pb-portfolio-module-image":{"width":510,"height":382,"mime-type":"image\/jpeg","filesize":65425,"url":"https:\/\/sdfpf.ch\/wp-content\/uploads\/2026\/02\/Suisse-SDFPF-2026--510x382.jpg"},"et-pb-gallery-module-image-portrait":{"width":400,"height":516,"mime-type":"image\/jpeg","filesize":66649,"url":"https:\/\/sdfpf.ch\/wp-content\/uploads\/2026\/02\/Suisse-SDFPF-2026--400x516.jpg"},"et-pb-image--responsive--tablet":{"width":980,"height":980,"mime-type":"image\/jpeg","filesize":272192,"url":"https:\/\/sdfpf.ch\/wp-content\/uploads\/2026\/02\/Suisse-SDFPF-2026--980x980.jpg"},"et-pb-image--responsive--phone":{"width":480,"height":480,"mime-type":"image\/jpeg","filesize":75760,"url":"https:\/\/sdfpf.ch\/wp-content\/uploads\/2026\/02\/Suisse-SDFPF-2026--480x480.jpg"},"dmg_image_small":{"width":480,"height":480,"mime-type":"image\/jpeg","filesize":75760,"url":"https:\/\/sdfpf.ch\/wp-content\/uploads\/2026\/02\/Suisse-SDFPF-2026--480x480.jpg"},"dmg_image_medium":{"width":980,"height":980,"mime-type":"image\/jpeg","filesize":272192,"url":"https:\/\/sdfpf.ch\/wp-content\/uploads\/2026\/02\/Suisse-SDFPF-2026--980x980.jpg"}}},"all_day":true,"start_date":"2026-03-21 00:00:00","start_date_details":{"year":"2026","month":"03","day":"21","hour":"00","minutes":"00","seconds":"00"},"end_date":"2026-03-21 23:59:59","end_date_details":{"year":"2026","month":"03","day":"21","hour":"23","minutes":"59","seconds":"59"},"utc_start_date":"2026-03-20 23:00:00","utc_start_date_details":{"year":"2026","month":"03","day":"20","hour":"23","minutes":"00","seconds":"00"},"utc_end_date":"2026-03-21 22:59:59","utc_end_date_details":{"year":"2026","month":"03","day":"21","hour":"22","minutes":"59","seconds":"59"},"timezone":"Europe\/Zurich","timezone_abbr":"CET","cost":"","cost_details":{"currency_symbol":"$","currency_code":"USD","currency_position":"prefix","values":[]},"website":"","show_map":true,"show_map_link":true,"hide_from_listings":false,"sticky":false,"featured":false,"categories":[],"tags":[],"venue":{"id":30599,"author":"1","status":"publish","date":"2024-12-18 17:17:28","date_utc":"2024-12-18 16:17:28","modified":"2024-12-18 17:17:28","modified_utc":"2024-12-18 16:17:28","url":"https:\/\/sdfpf.ch\/fr\/lieu\/power-fitness-ortega\/","venue":"Power Fitness Ortega","slug":"power-fitness-ortega","address":"Rue des Petits Champs 11D","city":"Yverdon-les-Bains","country":"Switzerland","zip":"1400","json_ld":{"@type":"Place","name":"Power Fitness Ortega","description":"","url":"","address":{"@type":"PostalAddress","streetAddress":"Rue des Petits Champs 11D","addressLocality":"Yverdon-les-Bains","postalCode":"1400","addressCountry":"Switzerland"},"telephone":"","sameAs":""},"show_map":false,"show_map_link":false,"global_id":"sdfpf.ch\/fr?id=30599","global_id_lineage":["sdfpf.ch\/fr?id=30599"]},"organizer":[],"custom_fields":[],"json_ld":{"@context":"http:\/\/schema.org","@type":"Event","name":"Championnats Suisse de Powerlifting 2026","description":"&lt;p&gt;Championnat Suisse SDFPF single lift &amp; Full Power Schweizer SDFPF Single Lift &amp; Full Power Championship Campionato svizzero SDFPF Single Lift e Full Power D\u00e9roulement de la journ\u00e9e du 21.03.2026Fortschritt [&hellip;]&lt;\/p&gt;\\n","image":"https:\/\/sdfpf.ch\/wp-content\/uploads\/2026\/02\/Suisse-SDFPF-2026-.jpg","url":"https:\/\/sdfpf.ch\/fr\/o-event\/championnats-suisse-de-powerlifting-2026\/","eventAttendanceMode":"https:\/\/schema.org\/OfflineEventAttendanceMode","eventStatus":"https:\/\/schema.org\/EventScheduled","startDate":"2026-03-21T00:00:00+01:00","endDate":"2026-03-21T23:59:59+01:00","location":{"@type":"Place","name":"Power Fitness Ortega","description":"","url":"","address":{"@type":"PostalAddress","streetAddress":"Rue des Petits Champs 11D","addressLocality":"Yverdon-les-Bains","postalCode":"1400","addressCountry":"Switzerland"},"telephone":"","sameAs":""},"performer":"Organization"}}