{
    "id": 30803,
    "date": "2025-04-07T16:13:36",
    "date_gmt": "2025-04-07T14:13:36",
    "guid": {
        "rendered": "https:\/\/sdfpf.ch\/?page_id=30803"
    },
    "modified": "2025-04-07T16:27:10",
    "modified_gmt": "2025-04-07T14:27:10",
    "slug": "galerie",
    "status": "publish",
    "type": "page",
    "link": "https:\/\/sdfpf.ch\/en\/galerie\/",
    "title": {
        "rendered": "Galerie"
    },
    "content": {
        "rendered": "<p>[et_pb_section fb_built=&#8221;1&#8243; _builder_version=&#8221;4.27.4&#8243; _module_preset=&#8221;default&#8221; background_color=&#8221;rgba(255,255,255,0.8)&#8221; background_image=&#8221;https:\/\/sdfpf.ch\/wp-content\/uploads\/2025\/04\/DSC_7238-Avec-accentuation-Bruit-scaled.jpg&#8221; background_blend=&#8221;overlay&#8221; global_colors_info=&#8221;{}&#8221;][et_pb_row _builder_version=&#8221;4.22.2&#8243; _module_preset=&#8221;default&#8221; width=&#8221;90%&#8221; max_width=&#8221;2560px&#8221; custom_margin=&#8221;14vh||8vh||false|false&#8221; animation_style=&#8221;flip&#8221; animation_direction=&#8221;left&#8221; global_colors_info=&#8221;{}&#8221;][et_pb_column type=&#8221;4_4&#8243; _builder_version=&#8221;4.22.2&#8243; _module_preset=&#8221;default&#8221; global_colors_info=&#8221;{}&#8221;][et_pb_text _builder_version=&#8221;4.27.4&#8243; _module_preset=&#8221;default&#8221; header_2_font=&#8221;Montserrat|700|||||||&#8221; header_2_text_color=&#8221;#da291c&#8221; header_2_font_size=&#8221;30px&#8221; global_colors_info=&#8221;{}&#8221;]<\/p>\n<h2>Retour sur nos \u00e9v\u00e9nements<\/h2>\n<p>[\/et_pb_text][et_pb_text _builder_version=&#8221;4.27.4&#8243; _module_preset=&#8221;default&#8221; header_font=&#8221;Montserrat|700|||||||&#8221; header_text_color=&#8221;#da291c&#8221; header_font_size=&#8221;80px&#8221; header_font_size_tablet=&#8221;80px&#8221; header_font_size_phone=&#8221;50px&#8221; header_font_size_last_edited=&#8221;on|phone&#8221; global_colors_info=&#8221;{}&#8221;]<\/p>\n<h1>Galerie des photos de nos \u00e9v\u00e9nements<\/h1>\n<p>[\/et_pb_text][\/et_pb_column][\/et_pb_row][\/et_pb_section][et_pb_section fb_built=&#8221;1&#8243; _builder_version=&#8221;4.27.4&#8243; _module_preset=&#8221;default&#8221; global_colors_info=&#8221;{}&#8221;][et_pb_row _builder_version=&#8221;4.27.4&#8243; _module_preset=&#8221;default&#8221; column_structure=&#8221;1_2,1_2&#8243; hover_enabled=&#8221;0&#8243; sticky_enabled=&#8221;0&#8243; max_width=&#8221;2560px&#8221; width=&#8221;90%&#8221;][et_pb_column _builder_version=&#8221;4.27.4&#8243; _module_preset=&#8221;default&#8221; type=&#8221;1_2&#8243;][et_pb_text _builder_version=&#8221;4.27.4&#8243; _module_preset=&#8221;default&#8221; header_2_font=&#8221;Montserrat|700|||||||&#8221; header_2_text_color=&#8221;#da291c&#8221; header_2_font_size=&#8221;30px&#8221; hover_enabled=&#8221;0&#8243; global_colors_info=&#8221;{}&#8221; custom_margin=&#8221;10vh||4vh||false|false&#8221; sticky_enabled=&#8221;0&#8243;]<\/p>\n<h2>Championnat Suisse de powerlifting du 22 mars 2025<\/h2>\n<p>[\/et_pb_text][et_pb_button button_text=&#8221;Voir la galerie&#8221; _builder_version=&#8221;4.27.4&#8243; _module_preset=&#8221;default&#8221; hover_enabled=&#8221;0&#8243; sticky_enabled=&#8221;0&#8243; button_url=&#8221;@ET-DC@eyJkeW5hbWljIjp0cnVlLCJjb250ZW50IjoicG9zdF9saW5rX3VybF9wYWdlIiwic2V0dGluZ3MiOnsicG9zdF9pZCI6IjMwODEyIn19@&#8221; _dynamic_attributes=&#8221;button_url&#8221;][\/et_pb_button][\/et_pb_column][et_pb_column _builder_version=&#8221;4.27.4&#8243; _module_preset=&#8221;default&#8221; type=&#8221;1_2&#8243;][et_pb_image src=&#8221;https:\/\/sdfpf.ch\/wp-content\/uploads\/2025\/04\/DSC_7238-Avec-accentuation-Bruit-scaled.jpg&#8221; _builder_version=&#8221;4.27.4&#8243; _module_preset=&#8221;default&#8221; title_text=&#8221;DSC_7238-Avec accentuation-Bruit&#8221; hover_enabled=&#8221;0&#8243; sticky_enabled=&#8221;0&#8243;][\/et_pb_image][\/et_pb_column][\/et_pb_row][\/et_pb_section]<\/p>",
        "protected": false
    },
    "excerpt": {
        "rendered": "<p>Retour sur nos \u00e9v\u00e9nementsGalerie des photos de nos \u00e9v\u00e9nementsChampionnat Suisse de powerlifting du 22 mars 2025<\/p>",
        "protected": false
    },
    "author": 1,
    "featured_media": 0,
    "parent": 0,
    "menu_order": 0,
    "comment_status": "closed",
    "ping_status": "closed",
    "template": "",
    "meta": {
        "_et_pb_use_builder": "on",
        "_et_pb_old_content": "",
        "_et_gb_content_width": "",
        "footnotes": ""
    },
    "class_list": [
        "post-30803",
        "page",
        "type-page",
        "status-publish",
        "hentry"
    ],
    "yoast_head": "<!-- This site is optimized with the Yoast SEO plugin v28.3 - https:\/\/yoast.com\/product\/yoast-seo-wordpress\/ -->\n<title>Galerie - Swiss Drug-Free Powerlifting Federation<\/title>\n<meta name=\"robots\" content=\"index, follow, max-snippet:-1, max-image-preview:large, max-video-preview:-1\" \/>\n<link rel=\"canonical\" href=\"https:\/\/sdfpf.ch\/en\/galerie\/\" \/>\n<meta property=\"og:locale\" content=\"en_GB\" \/>\n<meta property=\"og:type\" content=\"article\" \/>\n<meta property=\"og:title\" content=\"Galerie - Swiss Drug-Free Powerlifting Federation\" \/>\n<meta property=\"og:description\" content=\"Retour sur nos \u00e9v\u00e9nementsGalerie des photos de nos \u00e9v\u00e9nementsChampionnat Suisse de powerlifting du 22 mars 2025\" \/>\n<meta property=\"og:url\" content=\"https:\/\/sdfpf.ch\/en\/galerie\/\" \/>\n<meta property=\"og:site_name\" content=\"Swiss Drug-Free Powerlifting Federation\" \/>\n<meta property=\"article:modified_time\" content=\"2025-04-07T14:27:10+00:00\" \/>\n<meta name=\"twitter:card\" content=\"summary_large_image\" \/>\n<script type=\"application\/ld+json\" class=\"yoast-schema-graph\">{\"@context\":\"https:\\\/\\\/schema.org\",\"@graph\":[{\"@type\":\"WebPage\",\"@id\":\"https:\\\/\\\/sdfpf.ch\\\/en\\\/galerie\\\/\",\"url\":\"https:\\\/\\\/sdfpf.ch\\\/en\\\/galerie\\\/\",\"name\":\"Galerie - Swiss Drug-Free Powerlifting Federation\",\"isPartOf\":{\"@id\":\"https:\\\/\\\/sdfpf.ch\\\/en\\\/#website\"},\"datePublished\":\"2025-04-07T14:13:36+00:00\",\"dateModified\":\"2025-04-07T14:27:10+00:00\",\"breadcrumb\":{\"@id\":\"https:\\\/\\\/sdfpf.ch\\\/en\\\/galerie\\\/#breadcrumb\"},\"inLanguage\":\"en-GB\",\"potentialAction\":[{\"@type\":\"ReadAction\",\"target\":[\"https:\\\/\\\/sdfpf.ch\\\/en\\\/galerie\\\/\"]}]},{\"@type\":\"BreadcrumbList\",\"@id\":\"https:\\\/\\\/sdfpf.ch\\\/en\\\/galerie\\\/#breadcrumb\",\"itemListElement\":[{\"@type\":\"ListItem\",\"position\":1,\"name\":\"Accueil\",\"item\":\"https:\\\/\\\/sdfpf.ch\\\/en\\\/\"},{\"@type\":\"ListItem\",\"position\":2,\"name\":\"Galerie\"}]},{\"@type\":\"WebSite\",\"@id\":\"https:\\\/\\\/sdfpf.ch\\\/en\\\/#website\",\"url\":\"https:\\\/\\\/sdfpf.ch\\\/en\\\/\",\"name\":\"Swiss Drug-Free Powerlifting Federation\",\"description\":\"Our federation for athletes\",\"potentialAction\":[{\"@type\":\"SearchAction\",\"target\":{\"@type\":\"EntryPoint\",\"urlTemplate\":\"https:\\\/\\\/sdfpf.ch\\\/en\\\/?s={search_term_string}\"},\"query-input\":{\"@type\":\"PropertyValueSpecification\",\"valueRequired\":true,\"valueName\":\"search_term_string\"}}],\"inLanguage\":\"en-GB\"}]}<\/script>\n<!-- \/ Yoast SEO plugin. -->",
    "yoast_head_json": {
        "title": "Galerie - Swiss Drug-Free Powerlifting Federation",
        "robots": {
            "index": "index",
            "follow": "follow",
            "max-snippet": "max-snippet:-1",
            "max-image-preview": "max-image-preview:large",
            "max-video-preview": "max-video-preview:-1"
        },
        "canonical": "https:\/\/sdfpf.ch\/en\/galerie\/",
        "og_locale": "en_GB",
        "og_type": "article",
        "og_title": "Galerie - Swiss Drug-Free Powerlifting Federation",
        "og_description": "Retour sur nos \u00e9v\u00e9nementsGalerie des photos de nos \u00e9v\u00e9nementsChampionnat Suisse de powerlifting du 22 mars 2025",
        "og_url": "https:\/\/sdfpf.ch\/en\/galerie\/",
        "og_site_name": "Swiss Drug-Free Powerlifting Federation",
        "article_modified_time": "2025-04-07T14:27:10+00:00",
        "twitter_card": "summary_large_image",
        "schema": {
            "@context": "https:\/\/schema.org",
            "@graph": [
                {
                    "@type": "WebPage",
                    "@id": "https:\/\/sdfpf.ch\/en\/galerie\/",
                    "url": "https:\/\/sdfpf.ch\/en\/galerie\/",
                    "name": "Galerie - Swiss Drug-Free Powerlifting Federation",
                    "isPartOf": {
                        "@id": "https:\/\/sdfpf.ch\/en\/#website"
                    },
                    "datePublished": "2025-04-07T14:13:36+00:00",
                    "dateModified": "2025-04-07T14:27:10+00:00",
                    "breadcrumb": {
                        "@id": "https:\/\/sdfpf.ch\/en\/galerie\/#breadcrumb"
                    },
                    "inLanguage": "en-GB",
                    "potentialAction": [
                        {
                            "@type": "ReadAction",
                            "target": [
                                "https:\/\/sdfpf.ch\/en\/galerie\/"
                            ]
                        }
                    ]
                },
                {
                    "@type": "BreadcrumbList",
                    "@id": "https:\/\/sdfpf.ch\/en\/galerie\/#breadcrumb",
                    "itemListElement": [
                        {
                            "@type": "ListItem",
                            "position": 1,
                            "name": "Accueil",
                            "item": "https:\/\/sdfpf.ch\/en\/"
                        },
                        {
                            "@type": "ListItem",
                            "position": 2,
                            "name": "Galerie"
                        }
                    ]
                },
                {
                    "@type": "WebSite",
                    "@id": "https:\/\/sdfpf.ch\/en\/#website",
                    "url": "https:\/\/sdfpf.ch\/en\/",
                    "name": "Swiss Drug-Free Powerlifting Federation",
                    "description": "Our federation for athletes",
                    "potentialAction": [
                        {
                            "@type": "SearchAction",
                            "target": {
                                "@type": "EntryPoint",
                                "urlTemplate": "https:\/\/sdfpf.ch\/en\/?s={search_term_string}"
                            },
                            "query-input": {
                                "@type": "PropertyValueSpecification",
                                "valueRequired": true,
                                "valueName": "search_term_string"
                            }
                        }
                    ],
                    "inLanguage": "en-GB"
                }
            ]
        }
    },
    "_links": {
        "self": [
            {
                "href": "https:\/\/sdfpf.ch\/en\/wp-json\/wp\/v2\/pages\/30803",
                "targetHints": {
                    "allow": [
                        "GET"
                    ]
                }
            }
        ],
        "collection": [
            {
                "href": "https:\/\/sdfpf.ch\/en\/wp-json\/wp\/v2\/pages"
            }
        ],
        "about": [
            {
                "href": "https:\/\/sdfpf.ch\/en\/wp-json\/wp\/v2\/types\/page"
            }
        ],
        "author": [
            {
                "embeddable": true,
                "href": "https:\/\/sdfpf.ch\/en\/wp-json\/wp\/v2\/users\/1"
            }
        ],
        "replies": [
            {
                "embeddable": true,
                "href": "https:\/\/sdfpf.ch\/en\/wp-json\/wp\/v2\/comments?post=30803"
            }
        ],
        "version-history": [
            {
                "count": 6,
                "href": "https:\/\/sdfpf.ch\/en\/wp-json\/wp\/v2\/pages\/30803\/revisions"
            }
        ],
        "predecessor-version": [
            {
                "id": 30850,
                "href": "https:\/\/sdfpf.ch\/en\/wp-json\/wp\/v2\/pages\/30803\/revisions\/30850"
            }
        ],
        "wp:attachment": [
            {
                "href": "https:\/\/sdfpf.ch\/en\/wp-json\/wp\/v2\/media?parent=30803"
            }
        ],
        "curies": [
            {
                "name": "wp",
                "href": "https:\/\/api.w.org\/{rel}",
                "templated": true
            }
        ]
    }
}